{"id":2955,"date":"2018-03-17T10:35:59","date_gmt":"2018-03-17T10:35:59","guid":{"rendered":"https:\/\/doro-tea.ro\/blog\/?p=2955"},"modified":"2021-04-23T11:22:23","modified_gmt":"2021-04-23T11:22:23","slug":"melanj-elvetian-o-infuzie-surprinzatoare","status":"publish","type":"post","link":"https:\/\/doro-tea.ro\/blog\/melanj-elvetian-o-infuzie-surprinzatoare\/","title":{"rendered":"Melanj elve\u021bian, o infuzie surprinz\u0103toare"},"content":{"rendered":"<p style=\"text-align: justify;\">Elve\u021bienii sunt renumi\u021bi pentru ceasuri, ciocolat\u0103 \u0219i peisajele montane superbe. \u00cens\u0103 azi \u00ee\u021bi propunem s\u0103 descoperi un rezultat inedit al m\u0103iestriei elve\u021biene, de data aceasta \u00een materie de ceai. C\u00e2nd \u021bi se face dor de \u021bara cantoanelor, po\u021bi s\u0103 \u00eencerci o infuzie gustoas\u0103 \u0219i colorat\u0103 de plante: \u201c<strong>Melanj elve\u021bian<\/strong>\u201d.<\/p>\n<p style=\"text-align: justify;\"><a href=\"https:\/\/doro-tea.ro\/blog\/wp-content\/uploads\/2018\/03\/melanj-elvetian.jpg\"><img loading=\"lazy\" decoding=\"async\" class=\"aligncenter size-full wp-image-2962\" src=\"https:\/\/doro-tea.ro\/blog\/wp-content\/uploads\/2018\/03\/melanj-elvetian.jpg\" alt=\"melanj elvetian\" width=\"1200\" height=\"900\" srcset=\"https:\/\/doro-tea.ro\/blog\/wp-content\/uploads\/2018\/03\/melanj-elvetian.jpg 1200w, https:\/\/doro-tea.ro\/blog\/wp-content\/uploads\/2018\/03\/melanj-elvetian-300x225.jpg 300w, https:\/\/doro-tea.ro\/blog\/wp-content\/uploads\/2018\/03\/melanj-elvetian-1024x768.jpg 1024w, https:\/\/doro-tea.ro\/blog\/wp-content\/uploads\/2018\/03\/melanj-elvetian-400x300.jpg 400w\" sizes=\"auto, (max-width: 767px) 89vw, (max-width: 1000px) 54vw, (max-width: 1071px) 543px, 580px\" \/><\/a>\u00a0<!--more--><a href=\"https:\/\/doro-tea.ro\/blog\/wp-content\/uploads\/2018\/03\/ceai-plante-melanj-elvetian.jpg\"><img loading=\"lazy\" decoding=\"async\" class=\"aligncenter size-full wp-image-2959\" src=\"https:\/\/doro-tea.ro\/blog\/wp-content\/uploads\/2018\/03\/ceai-plante-melanj-elvetian.jpg\" alt=\"ceai plante melanj elvetian\" width=\"1176\" height=\"900\" srcset=\"https:\/\/doro-tea.ro\/blog\/wp-content\/uploads\/2018\/03\/ceai-plante-melanj-elvetian.jpg 1176w, https:\/\/doro-tea.ro\/blog\/wp-content\/uploads\/2018\/03\/ceai-plante-melanj-elvetian-300x230.jpg 300w, https:\/\/doro-tea.ro\/blog\/wp-content\/uploads\/2018\/03\/ceai-plante-melanj-elvetian-1024x784.jpg 1024w, https:\/\/doro-tea.ro\/blog\/wp-content\/uploads\/2018\/03\/ceai-plante-melanj-elvetian-392x300.jpg 392w\" sizes=\"auto, (max-width: 767px) 89vw, (max-width: 1000px) 54vw, (max-width: 1071px) 543px, 580px\" \/><\/a><\/p>\n<p style=\"text-align: justify;\">Acest mix combin\u0103 rooibosul cu alte plante aromate, astfel c\u0103 te po\u021bi bucura de o b\u0103utur\u0103 u\u0219oar\u0103, f\u0103r\u0103 cofein\u0103. Pe l\u00e2ng\u0103 <strong>buc\u0103\u021belele de m\u0103r, ghimbir \u0219i morcov, coaja de portocal\u0103<\/strong> d\u0103 un miros pl\u0103cut infuziei, iar <strong>plantele <\/strong>din componen\u021b\u0103 vin cu propriet\u0103\u021bile lor benefice. <strong>Verbina<\/strong> alin\u0103 durerile de cap, trateaz\u0103 insomniile \u0219i alung\u0103 oboseala. Despre <strong>ment\u0103<\/strong> se \u0219tie c\u0103 este excelent\u0103 pentru calmarea crampelor \u0219i durerilor abdominale, av\u00e2nd efect analgezic \u0219i antiinflamator. De\u0219i nu at\u00e2t de cunoscut\u0103, <strong>floarea patimilor<\/strong> este un ingredient binevenit: are rol sedativ, calmeaz\u0103 \u0219i elibereaz\u0103 de stres \u0219i agita\u021bie. Florile de <strong>nalb\u0103 mare<\/strong> se remarc\u0103 prin propriet\u0103\u021bile expectorante, fiind recomandate contra tusei \u0219i r\u0103celii.<\/p>\n<p style=\"text-align: justify;\">Infuzia este gata \u00een doar 5 minute \u0219i tot ce trebuie s\u0103 faci este s\u0103 adaugi 1-2 linguri\u021be din melanj la o can\u0103 de ap\u0103 fiart\u0103.<\/p>\n<p style=\"text-align: justify;\"><a href=\"https:\/\/doro-tea.ro\/blog\/wp-content\/uploads\/2018\/03\/ceai-plante-bun.jpg\"><img loading=\"lazy\" decoding=\"async\" class=\"aligncenter size-full wp-image-2958\" src=\"https:\/\/doro-tea.ro\/blog\/wp-content\/uploads\/2018\/03\/ceai-plante-bun.jpg\" alt=\"ceai plante bun\" width=\"878\" height=\"1143\" srcset=\"https:\/\/doro-tea.ro\/blog\/wp-content\/uploads\/2018\/03\/ceai-plante-bun.jpg 878w, https:\/\/doro-tea.ro\/blog\/wp-content\/uploads\/2018\/03\/ceai-plante-bun-230x300.jpg 230w, https:\/\/doro-tea.ro\/blog\/wp-content\/uploads\/2018\/03\/ceai-plante-bun-787x1024.jpg 787w\" sizes=\"auto, (max-width: 767px) 89vw, (max-width: 1000px) 54vw, (max-width: 1071px) 543px, 580px\" \/><\/a> <a href=\"https:\/\/doro-tea.ro\/blog\/wp-content\/uploads\/2018\/03\/ceai-melanj-elvetian.jpg\"><img loading=\"lazy\" decoding=\"async\" class=\"aligncenter size-full wp-image-2957\" src=\"https:\/\/doro-tea.ro\/blog\/wp-content\/uploads\/2018\/03\/ceai-melanj-elvetian.jpg\" alt=\"ceai melanj elvetian\" width=\"1200\" height=\"900\" srcset=\"https:\/\/doro-tea.ro\/blog\/wp-content\/uploads\/2018\/03\/ceai-melanj-elvetian.jpg 1200w, https:\/\/doro-tea.ro\/blog\/wp-content\/uploads\/2018\/03\/ceai-melanj-elvetian-300x225.jpg 300w, https:\/\/doro-tea.ro\/blog\/wp-content\/uploads\/2018\/03\/ceai-melanj-elvetian-1024x768.jpg 1024w, https:\/\/doro-tea.ro\/blog\/wp-content\/uploads\/2018\/03\/ceai-melanj-elvetian-400x300.jpg 400w\" sizes=\"auto, (max-width: 767px) 89vw, (max-width: 1000px) 54vw, (max-width: 1071px) 543px, 580px\" \/><\/a><\/p>\n<p style=\"text-align: justify;\">Dac\u0103 \u00ee\u021bi dore\u0219ti un plus de savoare \u00een aceast\u0103 b\u0103utur\u0103, noi \u00ee\u021bi recomand\u0103m s\u0103 adaugi c\u00e2teva <strong>felii de portocal\u0103<\/strong> sau suc proasp\u0103t stors.<\/p>\n<p style=\"text-align: justify;\">Ceaiul are o nuan\u021b\u0103 vesel\u0103, ce bate spre <strong>oranj,<\/strong> iar gustul este dulce, surprinz\u0103tor de bun pentru o infuzie de plante. Nu trebuie dec\u00e2t s\u0103 te \u00eentinzi pe spate \u0219i s\u0103 te destinzi, imagin\u00e2ndu-\u021bi c\u0103 ai \u00een fa\u021b\u0103 <strong>o priveli\u0219te cu mult\u0103 verdea\u021b\u0103<\/strong> \u0219i un cer limpede, albastru. Poate c\u0103 e un prilej bun s\u0103-\u021bi faci ni\u0219te planuri de vacan\u021b\u0103 prin Alpi, ce zici?<\/p>\n<p style=\"text-align: justify;\"><a href=\"https:\/\/doro-tea.ro\/blog\/wp-content\/uploads\/2018\/03\/elvetia.jpg\"><img loading=\"lazy\" decoding=\"async\" class=\"aligncenter size-full wp-image-2961\" src=\"https:\/\/doro-tea.ro\/blog\/wp-content\/uploads\/2018\/03\/elvetia.jpg\" alt=\"OLYMPUS DIGITAL CAMERA\" width=\"2144\" height=\"1608\" srcset=\"https:\/\/doro-tea.ro\/blog\/wp-content\/uploads\/2018\/03\/elvetia.jpg 2144w, https:\/\/doro-tea.ro\/blog\/wp-content\/uploads\/2018\/03\/elvetia-300x225.jpg 300w, https:\/\/doro-tea.ro\/blog\/wp-content\/uploads\/2018\/03\/elvetia-1024x768.jpg 1024w, https:\/\/doro-tea.ro\/blog\/wp-content\/uploads\/2018\/03\/elvetia-400x300.jpg 400w\" sizes=\"auto, (max-width: 767px) 89vw, (max-width: 1000px) 54vw, (max-width: 1071px) 543px, 580px\" \/><\/a> <a href=\"https:\/\/doro-tea.ro\/blog\/wp-content\/uploads\/2018\/03\/elvetia-1.jpg\"><img loading=\"lazy\" decoding=\"async\" class=\"aligncenter size-full wp-image-2960\" src=\"https:\/\/doro-tea.ro\/blog\/wp-content\/uploads\/2018\/03\/elvetia-1.jpg\" alt=\"OLYMPUS DIGITAL CAMERA\" width=\"2144\" height=\"1464\" srcset=\"https:\/\/doro-tea.ro\/blog\/wp-content\/uploads\/2018\/03\/elvetia-1.jpg 2144w, https:\/\/doro-tea.ro\/blog\/wp-content\/uploads\/2018\/03\/elvetia-1-300x205.jpg 300w, https:\/\/doro-tea.ro\/blog\/wp-content\/uploads\/2018\/03\/elvetia-1-1024x699.jpg 1024w, https:\/\/doro-tea.ro\/blog\/wp-content\/uploads\/2018\/03\/elvetia-1-439x300.jpg 439w\" sizes=\"auto, (max-width: 767px) 89vw, (max-width: 1000px) 54vw, (max-width: 1071px) 543px, 580px\" \/><\/a><\/p>\n","protected":false},"excerpt":{"rendered":"<p>Elve\u021bienii sunt renumi\u021bi pentru ceasuri, ciocolat\u0103 \u0219i peisajele montane superbe. \u00cens\u0103 azi \u00ee\u021bi propunem s\u0103 descoperi un rezultat inedit al m\u0103iestriei elve\u021biene, de data aceasta \u00een materie de ceai. C\u00e2nd \u021bi se face dor de \u021bara cantoanelor, po\u021bi s\u0103 \u00eencerci o infuzie gustoas\u0103 \u0219i colorat\u0103 de plante: \u201cMelanj elve\u021bian\u201d. \u00a0<\/p>\n","protected":false},"author":4,"featured_media":0,"comment_status":"open","ping_status":"open","sticky":false,"template":"","format":"standard","meta":{"footnotes":""},"categories":[3],"tags":[172,361],"class_list":["post-2955","post","type-post","status-publish","format-standard","hentry","category-dorotearo","tag-ceai-de-plante","tag-melanj-elvetian"],"_links":{"self":[{"href":"https:\/\/doro-tea.ro\/blog\/wp-json\/wp\/v2\/posts\/2955","targetHints":{"allow":["GET"]}}],"collection":[{"href":"https:\/\/doro-tea.ro\/blog\/wp-json\/wp\/v2\/posts"}],"about":[{"href":"https:\/\/doro-tea.ro\/blog\/wp-json\/wp\/v2\/types\/post"}],"author":[{"embeddable":true,"href":"https:\/\/doro-tea.ro\/blog\/wp-json\/wp\/v2\/users\/4"}],"replies":[{"embeddable":true,"href":"https:\/\/doro-tea.ro\/blog\/wp-json\/wp\/v2\/comments?post=2955"}],"version-history":[{"count":5,"href":"https:\/\/doro-tea.ro\/blog\/wp-json\/wp\/v2\/posts\/2955\/revisions"}],"predecessor-version":[{"id":4652,"href":"https:\/\/doro-tea.ro\/blog\/wp-json\/wp\/v2\/posts\/2955\/revisions\/4652"}],"wp:attachment":[{"href":"https:\/\/doro-tea.ro\/blog\/wp-json\/wp\/v2\/media?parent=2955"}],"wp:term":[{"taxonomy":"category","embeddable":true,"href":"https:\/\/doro-tea.ro\/blog\/wp-json\/wp\/v2\/categories?post=2955"},{"taxonomy":"post_tag","embeddable":true,"href":"https:\/\/doro-tea.ro\/blog\/wp-json\/wp\/v2\/tags?post=2955"}],"curies":[{"name":"wp","href":"https:\/\/api.w.org\/{rel}","templated":true}]}}